{"id":221,"date":"2019-10-13T06:08:00","date_gmt":"2019-10-13T06:08:00","guid":{"rendered":"https:\/\/dunkle-leidenschaft.de\/?p=221"},"modified":"2021-05-04T06:11:09","modified_gmt":"2021-05-04T06:11:09","slug":"per-anhalter-in-ein-neues-leben-thomas","status":"publish","type":"post","link":"https:\/\/dunkle-leidenschaft.de\/?p=221","title":{"rendered":"Per Anhalter in ein neues Leben &#8211; Thomas"},"content":{"rendered":"\n<div class=\"wp-block-media-text alignwide is-stacked-on-mobile\" style=\"grid-template-columns:25% auto\"><figure class=\"wp-block-media-text__media\"><a href=\"https:\/\/www.amazon.de\/Anhalter-ein-neues-Leben-Thomas-ebook\/dp\/B07Z3NH23L\/ref=sr_1_2?__mk_de_DE=%C3%85M%C3%85%C5%BD%C3%95%C3%91&amp;dchild=1&amp;keywords=per+anhalter+in+ein+neues+Leben&amp;qid=1619954760&amp;sr=8-2\" target=\"_blank\" rel=\"noopener\"><img loading=\"lazy\" decoding=\"async\" width=\"314\" height=\"500\" src=\"https:\/\/dunkle-leidenschaft.de\/wp-content\/uploads\/2021\/05\/PerAnhalterThomas.jpg\" alt=\"\" class=\"wp-image-128 size-full\" srcset=\"https:\/\/dunkle-leidenschaft.de\/wp-content\/uploads\/2021\/05\/PerAnhalterThomas.jpg 314w, https:\/\/dunkle-leidenschaft.de\/wp-content\/uploads\/2021\/05\/PerAnhalterThomas-188x300.jpg 188w\" sizes=\"auto, (max-width: 314px) 100vw, 314px\" \/><\/a><\/figure><div class=\"wp-block-media-text__content\">\n<p>Thomas gabelt mitten in der Nacht auf der Landstra\u00dfe eine v\u00f6llig durchn\u00e4sste junge Frau namens Mila auf. Wie er herausfindet, ist sie mittellos, weswegen er ihr einen Job in seinem Unternehmen anbietet. Schnell entwickelt Thomas Gef\u00fchle, die er so bislang nicht kannte. Aber sie ist sexuell unerfahren und er eigentlich alles andere als auf der Suche nach einer Bl\u00fcmchensexbeziehung. Er braucht wieder eine submissive Frau, die sich ihm bereitwillig in seinem Spielzimmer unterwirft &#8211; mehr nicht, aber auch nicht weniger. Z\u00fcgig wird ihm bewusst, dass er seine Gef\u00fchle jedoch nicht verstecken kann. Doch dann wird Mila verhaftet und seine Welt steht Kopf.<\/p>\n\n\n\n<p><\/p>\n\n\n\n<figure class=\"wp-block-image size-large\"><a href=\"https:\/\/www.amazon.de\/Anhalter-ein-neues-Leben-Thomas-ebook\/dp\/B07Z3NH23L\/ref=sr_1_2?__mk_de_DE=%C3%85M%C3%85%C5%BD%C3%95%C3%91&amp;dchild=1&amp;keywords=per+anhalter+in+ein+neues+Leben&amp;qid=1619954760&amp;sr=8-2\" target=\"_blank\" rel=\"noopener\"><img loading=\"lazy\" decoding=\"async\" width=\"200\" height=\"60\" src=\"https:\/\/dunkle-leidenschaft.de\/wp-content\/uploads\/2021\/05\/JETZT-LESEN-BUTTON.jpg\" alt=\"\" class=\"wp-image-18\"\/><\/a><\/figure>\n<\/div><\/div>\n","protected":false},"excerpt":{"rendered":"","protected":false},"author":1,"featured_media":128,"comment_status":"open","ping_status":"open","sticky":false,"template":"","format":"standard","meta":{"footnotes":""},"categories":[7],"tags":[],"class_list":["post-221","post","type-post","status-publish","format-standard","has-post-thumbnail","hentry","category-buecher-2019"],"_links":{"self":[{"href":"https:\/\/dunkle-leidenschaft.de\/index.php?rest_route=\/wp\/v2\/posts\/221","targetHints":{"allow":["GET"]}}],"collection":[{"href":"https:\/\/dunkle-leidenschaft.de\/index.php?rest_route=\/wp\/v2\/posts"}],"about":[{"href":"https:\/\/dunkle-leidenschaft.de\/index.php?rest_route=\/wp\/v2\/types\/post"}],"author":[{"embeddable":true,"href":"https:\/\/dunkle-leidenschaft.de\/index.php?rest_route=\/wp\/v2\/users\/1"}],"replies":[{"embeddable":true,"href":"https:\/\/dunkle-leidenschaft.de\/index.php?rest_route=%2Fwp%2Fv2%2Fcomments&post=221"}],"version-history":[{"count":1,"href":"https:\/\/dunkle-leidenschaft.de\/index.php?rest_route=\/wp\/v2\/posts\/221\/revisions"}],"predecessor-version":[{"id":222,"href":"https:\/\/dunkle-leidenschaft.de\/index.php?rest_route=\/wp\/v2\/posts\/221\/revisions\/222"}],"wp:featuredmedia":[{"embeddable":true,"href":"https:\/\/dunkle-leidenschaft.de\/index.php?rest_route=\/wp\/v2\/media\/128"}],"wp:attachment":[{"href":"https:\/\/dunkle-leidenschaft.de\/index.php?rest_route=%2Fwp%2Fv2%2Fmedia&parent=221"}],"wp:term":[{"taxonomy":"category","embeddable":true,"href":"https:\/\/dunkle-leidenschaft.de\/index.php?rest_route=%2Fwp%2Fv2%2Fcategories&post=221"},{"taxonomy":"post_tag","embeddable":true,"href":"https:\/\/dunkle-leidenschaft.de\/index.php?rest_route=%2Fwp%2Fv2%2Ftags&post=221"}],"curies":[{"name":"wp","href":"https:\/\/api.w.org\/{rel}","templated":true}]}}